{"id":737,"date":"2020-05-14T16:15:30","date_gmt":"2020-05-14T14:15:30","guid":{"rendered":"https:\/\/blog.cda-asso.com\/wp\/?p=737"},"modified":"2024-03-11T15:02:53","modified_gmt":"2024-03-11T14:02:53","slug":"resultats-de-lenquete-covid-19-quels-impacts-sur-votre-association","status":"publish","type":"post","link":"https:\/\/blog.cda-asso.com\/wp\/resultats-de-lenquete-covid-19-quels-impacts-sur-votre-association\/","title":{"rendered":"R\u00c9SULTATS DE L\u2019ENQU\u00caTE \u00ab COVID \u2013 19 : QUELS IMPACTS SUR VOTRE ASSOCIATION \u00bb"},"content":{"rendered":"\n<div class=\"wp-block-cover alignwide is-light\"><span aria-hidden=\"true\" class=\"wp-block-cover__background has-background-dim\" style=\"background-color:#b6cfd5\"><\/span><img loading=\"lazy\" decoding=\"async\" width=\"900\" height=\"439\" class=\"wp-block-cover__image-background wp-image-949\" alt=\"\" src=\"https:\/\/blog.cda-asso.com\/wp\/wp-content\/uploads\/2020\/05\/AdobeStock_337325860-scaled-e1710165729769.jpeg\" data-object-fit=\"cover\" srcset=\"https:\/\/blog.cda-asso.com\/wp\/wp-content\/uploads\/2020\/05\/AdobeStock_337325860-scaled-e1710165729769.jpeg 900w, https:\/\/blog.cda-asso.com\/wp\/wp-content\/uploads\/2020\/05\/AdobeStock_337325860-scaled-e1710165729769-300x146.jpeg 300w, https:\/\/blog.cda-asso.com\/wp\/wp-content\/uploads\/2020\/05\/AdobeStock_337325860-scaled-e1710165729769-768x375.jpeg 768w, https:\/\/blog.cda-asso.com\/wp\/wp-content\/uploads\/2020\/05\/AdobeStock_337325860-scaled-e1710165729769-750x366.jpeg 750w\" sizes=\"auto, (max-width: 900px) 100vw, 900px\" \/><div class=\"wp-block-cover__inner-container is-layout-flow wp-block-cover-is-layout-flow\">\n<p class=\"has-text-align-center has-large-font-size wp-block-paragraph\"><\/p>\n<\/div><\/div>\n\n\n\n<div style=\"height:58px\" aria-hidden=\"true\" class=\"wp-block-spacer\"><\/div>\n\n\n\n<p class=\"wp-block-paragraph\">Le mouvement associatif, en lien avec le R\u00e9seau National des Maisons des Associations, a&nbsp;lanc\u00e9 une enqu\u00eate d\u00e8s le d\u00e9but du confinement. Cette enqu\u00eate visait \u00e0 :&nbsp;<\/p>\n\n\n\n<ul class=\"wp-block-list\">\n<li>analyser les impacts humains et \u00e9conomiques de l\u2019\u00e9pid\u00e9mie, sur la situation des associations (anticipation de 1,4 milliard d\u2019euros de pertes),<\/li>\n<\/ul>\n\n\n\n<p class=\"wp-block-paragraph\"><\/p>\n\n\n\n<ul class=\"wp-block-list\">\n<li>pr\u00e9ciser les moyens qui leur permettraient, \u00e0 court et moyen termes, de les limiter.<\/li>\n<\/ul>\n\n\n\n<div style=\"height:20px\" aria-hidden=\"true\" class=\"wp-block-spacer\"><\/div>\n\n\n\n<p class=\"wp-block-paragraph\">Plus de 16 000 associations ont r\u00e9pondu et le d\u00e9pouillement de l&rsquo;enqu\u00eate a permis de r\u00e9diger un plaidoyer en trois th\u00e8mes principaux \u00e0 l&rsquo;adresse de l&rsquo;\u00e9tat :&nbsp;<\/p>\n\n\n\n<ul class=\"wp-block-list\">\n<li>N\u00e9cessit\u00e9 urgente d&rsquo;un pacte de s\u00e9curisation des subventions publiques,<\/li>\n<\/ul>\n\n\n\n<p class=\"wp-block-paragraph\"><\/p>\n\n\n\n<ul class=\"wp-block-list\">\n<li>Cr\u00e9ation d&rsquo;un fonds de soutien sp\u00e9cifique, celui qui a \u00e9t\u00e9 mis en place pour les entreprises n&rsquo;\u00e9tant pas adapt\u00e9 et ne s&rsquo;adressant qu&rsquo;aux entreprises employeuses,<\/li>\n<\/ul>\n\n\n\n<p class=\"wp-block-paragraph\"><\/p>\n\n\n\n<ul class=\"wp-block-list\">\n<li>Ouverture d&rsquo;une discussion sur un plan de relance post crise.<\/li>\n<\/ul>\n\n\n\n<div style=\"height:59px\" aria-hidden=\"true\" class=\"wp-block-spacer\"><\/div>\n\n\n\n<div class=\"wp-block-group\"><div class=\"wp-block-group__inner-container is-layout-flow wp-block-group-is-layout-flow\">\n<p class=\"has-text-align-left .flotte { float:left; } has-very-light-gray-background-color has-background wp-block-paragraph\"><span style=\"font-weight: 600;\">TOUTES LES INFORMATIONS SONT DISPONIBLES SUR \u00ab&nbsp;LE MOUVEMENT ASSOCIATIF&nbsp;\u00bb:<\/span><br>\u3009&nbsp;<a href=\"https:\/\/lemouvementassociatif.org\/covid-19-associations-du-diagnostic-aux-mesures-durgences\/\" target=\"_blank\" rel=\"noreferrer noopener\">COVID-19 &amp; associations : du diagnostic aux mesures d\u2019urgence<\/a><\/p>\n<\/div><\/div>\n\n\n\n<div style=\"height:20px\" aria-hidden=\"true\" class=\"wp-block-spacer\"><\/div>\n","protected":false},"excerpt":{"rendered":"<p>Le mouvement associatif, en lien avec le R\u00e9seau National des Maisons des Associations, a lanc\u00e9 une enqu\u00eate d\u00e8s le d\u00e9but du confinement.<\/p>\n","protected":false},"author":1,"featured_media":949,"comment_status":"open","ping_status":"open","sticky":false,"template":"","format":"standard","meta":{"_crdt_document":"","footnotes":""},"categories":[104],"tags":[155,156,153,154,151,152],"class_list":["post-737","post","type-post","status-publish","format-standard","has-post-thumbnail","hentry","category-divers","tag-covid-19","tag-diagnostic","tag-enquete","tag-epidemie","tag-le-mouvement-associatif","tag-reseau-national-des-maisons-des-associations"],"_links":{"self":[{"href":"https:\/\/blog.cda-asso.com\/wp\/wp-json\/wp\/v2\/posts\/737","targetHints":{"allow":["GET"]}}],"collection":[{"href":"https:\/\/blog.cda-asso.com\/wp\/wp-json\/wp\/v2\/posts"}],"about":[{"href":"https:\/\/blog.cda-asso.com\/wp\/wp-json\/wp\/v2\/types\/post"}],"author":[{"embeddable":true,"href":"https:\/\/blog.cda-asso.com\/wp\/wp-json\/wp\/v2\/users\/1"}],"replies":[{"embeddable":true,"href":"https:\/\/blog.cda-asso.com\/wp\/wp-json\/wp\/v2\/comments?post=737"}],"version-history":[{"count":9,"href":"https:\/\/blog.cda-asso.com\/wp\/wp-json\/wp\/v2\/posts\/737\/revisions"}],"predecessor-version":[{"id":950,"href":"https:\/\/blog.cda-asso.com\/wp\/wp-json\/wp\/v2\/posts\/737\/revisions\/950"}],"wp:featuredmedia":[{"embeddable":true,"href":"https:\/\/blog.cda-asso.com\/wp\/wp-json\/wp\/v2\/media\/949"}],"wp:attachment":[{"href":"https:\/\/blog.cda-asso.com\/wp\/wp-json\/wp\/v2\/media?parent=737"}],"wp:term":[{"taxonomy":"category","embeddable":true,"href":"https:\/\/blog.cda-asso.com\/wp\/wp-json\/wp\/v2\/categories?post=737"},{"taxonomy":"post_tag","embeddable":true,"href":"https:\/\/blog.cda-asso.com\/wp\/wp-json\/wp\/v2\/tags?post=737"}],"curies":[{"name":"wp","href":"https:\/\/api.w.org\/{rel}","templated":true}]}}