{"id":829,"date":"2021-10-11T13:25:09","date_gmt":"2021-10-11T11:25:09","guid":{"rendered":"https:\/\/blog.cda-asso.com\/wp\/?p=829"},"modified":"2024-03-11T14:05:09","modified_gmt":"2024-03-11T13:05:09","slug":"la-campagne-du-mouvement-associatif","status":"publish","type":"post","link":"https:\/\/blog.cda-asso.com\/wp\/la-campagne-du-mouvement-associatif\/","title":{"rendered":"LA CAMPAGNE DU MOUVEMENT ASSOCIATIF"},"content":{"rendered":"\n<div class=\"wp-block-cover alignwide is-light\"><span aria-hidden=\"true\" class=\"wp-block-cover__background has-background-dim\" style=\"background-color:#a19391\"><\/span><img loading=\"lazy\" decoding=\"async\" width=\"900\" height=\"439\" class=\"wp-block-cover__image-background wp-image-943\" alt=\"\" src=\"https:\/\/blog.cda-asso.com\/wp\/wp-content\/uploads\/2021\/10\/AdobeStock_373498837-scaled-e1710162150675.jpeg\" data-object-fit=\"cover\" srcset=\"https:\/\/blog.cda-asso.com\/wp\/wp-content\/uploads\/2021\/10\/AdobeStock_373498837-scaled-e1710162150675.jpeg 900w, https:\/\/blog.cda-asso.com\/wp\/wp-content\/uploads\/2021\/10\/AdobeStock_373498837-scaled-e1710162150675-300x146.jpeg 300w, https:\/\/blog.cda-asso.com\/wp\/wp-content\/uploads\/2021\/10\/AdobeStock_373498837-scaled-e1710162150675-768x375.jpeg 768w, https:\/\/blog.cda-asso.com\/wp\/wp-content\/uploads\/2021\/10\/AdobeStock_373498837-scaled-e1710162150675-750x366.jpeg 750w\" sizes=\"auto, (max-width: 900px) 100vw, 900px\" \/><div class=\"wp-block-cover__inner-container is-layout-flow wp-block-cover-is-layout-flow\">\n<p class=\"has-text-align-center has-large-font-size wp-block-paragraph\"><\/p>\n<\/div><\/div>\n\n\n\n<div style=\"height:58px\" aria-hidden=\"true\" class=\"wp-block-spacer\"><\/div>\n\n\n\n<p class=\"wp-block-paragraph\"><strong>Le Mouvement associatif et Hexop\u00e9e, avec le soutien du Secr\u00e9tariat d\u2019\u00c9tat charg\u00e9 de la Jeunesse et de l\u2019Engagement, se mobilisent afin de soutenir l\u2019action associative, maillon incontournable de la vitalit\u00e9 et de l\u2019\u00e9quilibre de notre pays.<\/strong><\/p>\n\n\n\n<div style=\"height:20px\" aria-hidden=\"true\" class=\"wp-block-spacer\"><\/div>\n\n\n\n<p class=\"wp-block-paragraph\">Gr\u00e2ce \u00e0 la nouvelle plateforme \u00ab&nbsp;<a href=\"https:\/\/www.assojadorejadhere.fr\/\" target=\"_blank\" rel=\"noreferrer noopener\">assojadorejadhere.fr<\/a> \u00bb, les citoyens pourront d\u00e9couvrir toutes les associations proches de chez eux et gr\u00e2ce \u00e0 un syst\u00e8me de classification th\u00e9matique, trouver celle qui leur correspondra le mieux.<\/p>\n\n\n\n<p class=\"wp-block-paragraph\">Un mode d\u2019emploi de la plateforme ainsi qu\u2019une pr\u00e9sentation de la campagne, disponibles sur le site, permettent une mise en \u0153uvre compl\u00e8te en 5 th\u00e8mes&nbsp;:&nbsp;<\/p>\n\n\n\n<ol class=\"wp-block-list\">\n<li>Rappel de l\u2019objet de la campagne et de son dispositif<\/li>\n\n\n\n<li>Calendrier de la campagne<\/li>\n\n\n\n<li>Les outils \u00e0 votre disposition\u00a0<\/li>\n\n\n\n<li>Propositions de publications pour les r\u00e9seaux\u00a0<\/li>\n\n\n\n<li>Mail interne de mobilisation des r\u00e9seaux<\/li>\n\n\n\n<li>Relations presse\u00a0<\/li>\n<\/ol>\n\n\n\n<div style=\"height:20px\" aria-hidden=\"true\" class=\"wp-block-spacer\"><\/div>\n\n\n\n<div class=\"wp-block-group\"><div class=\"wp-block-group__inner-container is-layout-flow wp-block-group-is-layout-flow\">\n<p class=\"has-text-align-left .flotte { float:left; } has-black-color has-text-color has-background wp-block-paragraph\" style=\"background-color:#f4dfa5\"><span style=\"font-weight: 600;\"><span style=\"font-weight: 600;\">INFORMATIONS PRATIQUES&nbsp;:<\/span><\/span><br><br>\u272d <em>La plateforme \u00ab&nbsp;assojadorejadhere&nbsp;\u00bb est accessible <a href=\"https:\/\/www.assojadorejadhere.fr\/\">ici<\/a><\/em><br>\u272d <em>Le kit de campagne mis \u00e0 la disposition des associations peut \u00eatre t\u00e9l\u00e9charg\u00e9 <a rel=\"noreferrer noopener\" href=\"https:\/\/www.assojadorejadhere.fr\/le-dispositif\/\" target=\"_blank\">ici<\/a><\/em><\/p>\n<\/div><\/div>\n\n\n\n<div style=\"height:20px\" aria-hidden=\"true\" class=\"wp-block-spacer\"><\/div>\n","protected":false},"excerpt":{"rendered":"<p>Le Mouvement associatif et Hexop\u00e9e, avec le soutien du Secr\u00e9tariat d\u2019\u00c9tat charg\u00e9 de la Jeunesse et de l\u2019Engagement, se mobilisent afin de soutenir l\u2019action associative, maillon incontournable de la vitalit\u00e9 et de l\u2019\u00e9quilibre de notre pays.<\/p>\n","protected":false},"author":1,"featured_media":943,"comment_status":"open","ping_status":"open","sticky":false,"template":"","format":"standard","meta":{"footnotes":""},"categories":[110],"tags":[167,151,97],"class_list":["post-829","post","type-post","status-publish","format-standard","has-post-thumbnail","hentry","category-engagement-associatif-benevolat","tag-hexopee","tag-le-mouvement-associatif","tag-plateforme"],"_links":{"self":[{"href":"https:\/\/blog.cda-asso.com\/wp\/wp-json\/wp\/v2\/posts\/829","targetHints":{"allow":["GET"]}}],"collection":[{"href":"https:\/\/blog.cda-asso.com\/wp\/wp-json\/wp\/v2\/posts"}],"about":[{"href":"https:\/\/blog.cda-asso.com\/wp\/wp-json\/wp\/v2\/types\/post"}],"author":[{"embeddable":true,"href":"https:\/\/blog.cda-asso.com\/wp\/wp-json\/wp\/v2\/users\/1"}],"replies":[{"embeddable":true,"href":"https:\/\/blog.cda-asso.com\/wp\/wp-json\/wp\/v2\/comments?post=829"}],"version-history":[{"count":10,"href":"https:\/\/blog.cda-asso.com\/wp\/wp-json\/wp\/v2\/posts\/829\/revisions"}],"predecessor-version":[{"id":944,"href":"https:\/\/blog.cda-asso.com\/wp\/wp-json\/wp\/v2\/posts\/829\/revisions\/944"}],"wp:featuredmedia":[{"embeddable":true,"href":"https:\/\/blog.cda-asso.com\/wp\/wp-json\/wp\/v2\/media\/943"}],"wp:attachment":[{"href":"https:\/\/blog.cda-asso.com\/wp\/wp-json\/wp\/v2\/media?parent=829"}],"wp:term":[{"taxonomy":"category","embeddable":true,"href":"https:\/\/blog.cda-asso.com\/wp\/wp-json\/wp\/v2\/categories?post=829"},{"taxonomy":"post_tag","embeddable":true,"href":"https:\/\/blog.cda-asso.com\/wp\/wp-json\/wp\/v2\/tags?post=829"}],"curies":[{"name":"wp","href":"https:\/\/api.w.org\/{rel}","templated":true}]}}